{"id":1511,"global_id":"larena-wuppertal.de?id=1511","global_id_lineage":["larena-wuppertal.de?id=1511"],"author":"1","status":"publish","date":"2024-05-20 20:55:15","date_utc":"2024-05-20 18:55:15","modified":"2024-05-20 20:55:15","modified_utc":"2024-05-20 18:55:15","url":"https:\/\/larena-wuppertal.de\/?tribe_events=konzert-klavierduo-emotion-landschaften-des-klanges-live-in-der-larena-eventlounge","rest_url":"https:\/\/larena-wuppertal.de\/index.php?rest_route=\/tribe\/events\/v1\/events\/1511","title":"Konzert Klavierduo Emotion \u2013 Landschaften des Klanges \u2013 live in der lar\u00e9na Eventlounge","description":"<p>Denis Ivanov und L\u00e9a Yoanna Adam mit &#8220;Landschaften des Klanges&#8221;.<br \/>\nIm Programm: Czerny, Schubert, Poulenc, Debussy, Gershwin \u2026<\/p>\n<p>Die preisgekr\u00f6nte geb\u00fcrtige Rum\u00e4nin L\u00e9a Yoanna Adam hat<br \/>\neinen reichen, komplexen und atypischen musikalischen<br \/>\nHintergrund, der es ihr erm\u00f6glicht hat, sich einen Platz in der<br \/>\nWelt der klassischen Musik auf internationaler Ebene zu<br \/>\nverschaffen. Die brillante Pianistin unternahm sie mehrj\u00e4hrige<br \/>\nTourneen als Solistin und Dirigentin in Frankreich und im<br \/>\nAusland (Rum\u00e4nien, \u00d6sterreich, Deutschland, Italien, Lettland, USA&#8230;)<\/p>\n<p>L\u00e9a Yoanna Adam ist die Gr\u00fcndungspr\u00e4sidentin von<br \/>\n\u00abAcad\u00e9mie des artistes Musiciens\u00bb (A.D.A.M.), unter deren<br \/>\nSchirmherrschaft sie Konzerte, Wettbewerbe, Festivals und<br \/>\nMeisterkurse organisiert, um talentierten jungen Musikern mit<br \/>\nRat und Tat zur Seite zu stehen. Sie ist oft als Jurymitglieder<br \/>\nbei diversen internationalen Klavierwettbewerben gefragt.<br \/>\nDer in St. Petersburger geborene Pianist Denis Ivanov erhielt<br \/>\nseine Ausbildung als Konzertpianist am Konservatorium<br \/>\n\u00abRimsky-Korsakov\u00bb, der Hochschule f\u00fcr Musik \u00abCarl Maria von<br \/>\nWeber\u00bb in Dresden und an der Hochschule f\u00fcr Musik und Tanz<br \/>\nin K\u00f6ln.<\/p>\n<p>Denis Ivanov ist ein vielseitiger Musiker. Er tritt sowohl als<br \/>\nSolist wie auch und Kammermusikpartner in ganz Europa,<br \/>\nauch in Russland und Japan.<br \/>\nDenis Ivanov spielt im Duo &#8220;Borisowitch &amp; Jhang\u00bb, im Duo<br \/>\n\u00abGegenwind\u00bb und im \u00abA-Trio\u00bb. Mit seiner ehemaligen Lehrerin<br \/>\nL\u00e9a Yoanna Adam bildet er das Klavierduo \u00abEmotion\u00bb. Dieses<br \/>\nKlavierduo erntete bei uns auch stehende Ovationen. Er ist<br \/>\nDozent an der Hochschule f\u00fcr Musik und Tanz K\u00f6ln und auch<br \/>\nein gefragter Pianist bei Klavierkonzerten.<\/p>\n<p>&nbsp;<\/p>\n<p>Eintritt frei. Eine Ausgangsspende f\u00fcr die K\u00fcnstler wird erbeten.<\/p>\n<p><a href=\"https:\/\/larena-wuppertal.de\/?page_id=339\"><strong>Zur Online-Reservierung<\/strong><\/a><\/p>","excerpt":"","slug":"konzert-klavierduo-emotion-landschaften-des-klanges-live-in-der-larena-eventlounge","image":{"url":"https:\/\/larena-wuppertal.de\/wp-content\/uploads\/2024\/05\/klavierduo1.png","id":1512,"extension":"png","width":926,"height":698,"filesize":652306},"all_day":false,"start_date":"2024-06-23 17:00:00","start_date_details":{"year":"2024","month":"06","day":"23","hour":"17","minutes":"00","seconds":"00"},"end_date":"2024-06-23 21:00:00","end_date_details":{"year":"2024","month":"06","day":"23","hour":"21","minutes":"00","seconds":"00"},"utc_start_date":"2024-06-23 15:00:00","utc_start_date_details":{"year":"2024","month":"06","day":"23","hour":"15","minutes":"00","seconds":"00"},"utc_end_date":"2024-06-23 19:00:00","utc_end_date_details":{"year":"2024","month":"06","day":"23","hour":"19","minutes":"00","seconds":"00"},"timezone":"Europe\/Berlin","timezone_abbr":"CEST","cost":"","cost_details":{"currency_symbol":"","currency_code":"","currency_position":"","values":[]},"website":"","show_map":false,"show_map_link":true,"hide_from_listings":false,"sticky":false,"featured":false,"categories":[],"tags":[],"venue":{"id":692,"author":"1","status":"publish","date":"2018-05-27 11:03:38","date_utc":"2018-05-27 09:03:38","modified":"2018-05-27 11:03:38","modified_utc":"2018-05-27 09:03:38","url":"https:\/\/larena-wuppertal.de\/?tribe_venue=larena","venue":"Lar\u00e9na","slug":"larena","address":"Siegesstr. 110","city":"Wuppertal","country":"Germany","province":"Nordrhein-Westfalen","zip":"42287","phone":"0202\/42978350","website":"https:\/\/www.larena-wuppertal.de","stateprovince":"Nordrhein-Westfalen","json_ld":{"@type":"Place","name":"Lar\u00e9na","description":"","url":"","address":{"@type":"PostalAddress","streetAddress":"Siegesstr. 110","addressLocality":"Wuppertal","addressRegion":"Nordrhein-Westfalen","postalCode":"42287","addressCountry":"Germany"},"telephone":"0202\/42978350","sameAs":"https:\/\/www.larena-wuppertal.de"},"show_map":true,"show_map_link":true,"global_id":"larena-wuppertal.de?id=692","global_id_lineage":["larena-wuppertal.de?id=692"]},"organizer":[{"id":693,"author":"1","status":"publish","date":"2018-05-27 11:03:38","date_utc":"2018-05-27 09:03:38","modified":"2018-05-27 11:03:38","modified_utc":"2018-05-27 09:03:38","url":"https:\/\/larena-wuppertal.de\/?tribe_organizer=ronsdorfer-maennerchor-e-v","organizer":"Ronsdorfer M\u00e4nnerchor e.V.","slug":"ronsdorfer-maennerchor-e-v","phone":"0202\/42978350","website":"https:\/\/www.rmc-wuppertal.de","email":"info@rmc-wuppertal.de","json_ld":{"@type":"Person","name":"Ronsdorfer M\u00e4nnerchor e.V.","description":"","url":"https:\/\/www.rmc-wuppertal.de","telephone":"0202\/42978350","email":"&#105;nfo&#64;&#114;&#109;c-w&#117;pp&#101;rt&#97;&#108;.d&#101;","sameAs":"https:\/\/www.rmc-wuppertal.de"},"global_id":"larena-wuppertal.de?id=693","global_id_lineage":["larena-wuppertal.de?id=693"]}],"json_ld":{"@context":"http:\/\/schema.org","@type":"Event","name":"Konzert Klavierduo Emotion \u2013 Landschaften des Klanges \u2013 live in der lar\u00e9na Eventlounge","description":"&lt;p&gt;Denis Ivanov und L\u00e9a Yoanna Adam mit &quot;Landschaften des Klanges&quot;. Im Programm: Czerny, Schubert, Poulenc, Debussy, Gershwin \u2026 Die preisgekr\u00f6nte geb\u00fcrtige Rum\u00e4nin L\u00e9a Yoanna Adam hat einen reichen, komplexen und&hellip; &lt;a class=&quot;more-link&quot; href=&quot;https:\/\/larena-wuppertal.de\/?tribe_events=konzert-klavierduo-emotion-landschaften-des-klanges-live-in-der-larena-eventlounge&quot;&gt;&lt;span class=&quot;screen-reader-text&quot;&gt;Konzert Klavierduo Emotion \u2013 Landschaften des Klanges \u2013 live in der lar\u00e9na Eventlounge&lt;\/span&gt; weiterlesen&lt;\/a&gt;&lt;\/p&gt;\\n","image":"https:\/\/larena-wuppertal.de\/wp-content\/uploads\/2024\/05\/klavierduo1.png","url":"https:\/\/larena-wuppertal.de\/?tribe_events=konzert-klavierduo-emotion-landschaften-des-klanges-live-in-der-larena-eventlounge","eventAttendanceMode":"https:\/\/schema.org\/OfflineEventAttendanceMode","startDate":"2024-06-23T17:00:00+02:00","endDate":"2024-06-23T21:00:00+02:00","location":{"@type":"Place","name":"Lar\u00e9na","description":"","url":"","address":{"@type":"PostalAddress","streetAddress":"Siegesstr. 110","addressLocality":"Wuppertal","addressRegion":"Nordrhein-Westfalen","postalCode":"42287","addressCountry":"Germany"},"telephone":"0202\/42978350","sameAs":"https:\/\/www.larena-wuppertal.de"},"organizer":{"@type":"Person","name":"Ronsdorfer M\u00e4nnerchor e.V.","description":"","url":"https:\/\/www.rmc-wuppertal.de","telephone":"0202\/42978350","email":"&#105;n&#102;o&#64;r&#109;&#99;-w&#117;pp&#101;r&#116;a&#108;.&#100;e","sameAs":"https:\/\/www.rmc-wuppertal.de"},"performer":"Organization"},"ticketed":false}